{"id":77,"date":"2020-01-13T11:15:22","date_gmt":"2020-01-13T11:15:22","guid":{"rendered":"https:\/\/demosites.io\/web-agency\/?p=9"},"modified":"2021-06-20T23:19:53","modified_gmt":"2021-06-21T04:19:53","slug":"a-simple-guide-to-design-thinking","status":"publish","type":"post","link":"https:\/\/cursosinnovacioneducativa.com\/?p=77","title":{"rendered":"Gesti\u00f3n e implementaci\u00f3n de sistemas virtuales  en las instituciones educativas"},"content":{"rendered":"\t\t<div data-elementor-type=\"wp-post\" data-elementor-id=\"77\" class=\"elementor elementor-77\">\n\t\t\t\t\t\t<div class=\"elementor-inner\">\n\t\t\t\t<div class=\"elementor-section-wrap\">\n\t\t\t\t\t\t\t\t\t<section class=\"elementor-section elementor-top-section elementor-element elementor-element-345bbdee elementor-section-stretched elementor-section-boxed elementor-section-height-default elementor-section-height-default\" data-id=\"345bbdee\" data-element_type=\"section\" data-settings=\"{&quot;stretch_section&quot;:&quot;section-stretched&quot;}\">\n\t\t\t\t\t\t<div class=\"elementor-container elementor-column-gap-default\">\n\t\t\t\t\t\t\t<div class=\"elementor-row\">\n\t\t\t\t\t<div class=\"elementor-column elementor-col-100 elementor-top-column elementor-element elementor-element-2d179c82\" data-id=\"2d179c82\" data-element_type=\"column\">\n\t\t\t<div class=\"elementor-column-wrap elementor-element-populated\">\n\t\t\t\t\t\t\t<div class=\"elementor-widget-wrap\">\n\t\t\t\t\t\t<div class=\"elementor-element elementor-element-3fe435c elementor-align-center elementor-widget elementor-widget-button\" data-id=\"3fe435c\" data-element_type=\"widget\" data-widget_type=\"button.default\">\n\t\t\t\t<div class=\"elementor-widget-container\">\n\t\t\t\t\t<div class=\"elementor-button-wrapper\">\n\t\t\t<a href=\"https:\/\/cursosinnovacioneducativa.com\/wp-content\/uploads\/2021\/01\/dossier-FINAL-CURSO-0.pdf\" class=\"elementor-button-link elementor-button elementor-size-lg\" role=\"button\">\n\t\t\t\t\t\t<span class=\"elementor-button-content-wrapper\">\n\t\t\t\t\t\t<span class=\"elementor-button-text\">Descargar DOSSIER Informativo<\/span>\n\t\t<\/span>\n\t\t\t\t\t<\/a>\n\t\t<\/div>\n\t\t\t\t<\/div>\n\t\t\t\t<\/div>\n\t\t\t\t<div class=\"elementor-element elementor-element-17912215 elementor-widget elementor-widget-text-editor\" data-id=\"17912215\" data-element_type=\"widget\" data-widget_type=\"text-editor.default\">\n\t\t\t\t<div class=\"elementor-widget-container\">\n\t\t\t\t\t\t\t\t<div class=\"elementor-text-editor elementor-clearfix\">\n\t\t\t\t<p><!-- wp:heading --><\/p>\n<h2>Gesti\u00f3n e implementaci\u00f3n de sistemas virtuales en Instituciones educativas.<\/h2>\n<p><!-- \/wp:heading --><!-- wp:paragraph --><\/p>\n<p><strong>La nueva era digital de la tecnolog\u00eda ya est\u00e1 aqu\u00ed y ha venido a quedarse. Vivimos una \u00e9poca donde las herramientas y las aplicaciones digitales son parte de nuestra vida y de nuestro d\u00eda a d\u00eda.<\/strong><\/p>\n<p><strong>Para que la formaci\u00f3n online sea eficiente, a parte de la necesidad de capacitaci\u00f3n de los docentes, se requiere reformular procesos, estrategias, metodolog\u00edas que permita cumplir las misiones y servicios institucionales.<\/strong><\/p>\n<p><em>En este curso se propone definir la pol\u00edtica formativa institucional de educaci\u00f3n virtual con est\u00e1ndares de calidad, de tal manera que permita a los rectores, vicerrectores y directores acad\u00e9micos ir implementando en sus Instituciones servicios acad\u00e9micos, metodol\u00f3gicos y tecnol\u00f3gicos que garanticen se cumpla la misi\u00f3n y servicios Institucionales.<\/em><\/p>\n<p>Aprender\u00e1s a desarrollar la pol\u00edtica formativa institucional aplicando procesos, modelos, metodolog\u00eda, recursos digitales y estrategias innovadoras con est\u00e1ndares de calidad, que permita lograr la transformaci\u00f3n digital.<\/p>\n<p><div class=\"nv-iframe-embed\"><span class=\"embed-youtube\" style=\"text-align:center; display: block;\"><iframe loading=\"lazy\" class=\"youtube-player\" width=\"1200\" height=\"675\" src=\"https:\/\/www.youtube.com\/embed\/YoEyexSzy0U?version=3&#038;rel=1&#038;showsearch=0&#038;showinfo=1&#038;iv_load_policy=1&#038;fs=1&#038;hl=es-ES&#038;autohide=2&#038;wmode=transparent\" allowfullscreen=\"true\" style=\"border:0;\" sandbox=\"allow-scripts allow-same-origin allow-popups allow-presentation\"><\/iframe><\/span><\/div><\/p>\n<p>\u00a0<\/p>\n<p><!-- \/wp:paragraph --><!-- wp:heading --><\/p>\n<h2>Objetivo del curso<\/h2>\n<p><!-- \/wp:heading --><!-- wp:paragraph --><\/p>\n<ul>\n<li>Definir la pol\u00edtica formativa institucional de educaci\u00f3n virtual con est\u00e1ndares de calidad para gestionar de manera \u00e1gil y eficiente las diferentes acciones, estrategias, procesos tecnol\u00f3gicos, metodol\u00f3gicos, pedag\u00f3gicos y marco institucional de competencias, para enfrentar los nuevos retos de la era digital.<\/li>\n<\/ul>\n<h2><strong>\u00bfPor qu\u00e9 es necesario este curso?<\/strong><\/h2>\n<ul>\n<li>Porque te permite conocer qu\u00e9 significa la formaci\u00f3n online para la instituci\u00f3n<\/li>\n<li>Te permitir\u00e1 dise\u00f1ar el esqueleto de un modelo de referencia institucional propio<\/li>\n<li>Porque te ayudar\u00e1 aplicar estrategia MOOC. Criterio de selecci\u00f3n, objetivo estrat\u00e9gico para la Instituci\u00f3n, integraci\u00f3n con la estrategia online.<\/li>\n<li>Te permitir\u00e1 dise\u00f1ar la evaluaci\u00f3n diagn\u00f3stica de la estrategia institucional online.<\/li>\n<li>Te permitir\u00e1 definir un plan de evaluaci\u00f3n institucional<\/li>\n<li>Te permitir\u00e1 conocer sobre las ventajas y las desventajas del e-proctoring<\/li>\n<li>Te permitir\u00e1 dise\u00f1ar la matriz de dise\u00f1o instruccional de las asignaturas.<\/li>\n<li>Porque te ayudar\u00e1 a definir las funciones del equipo pedag\u00f3gico y tecnol\u00f3gico para gestionar cursos virtuales.<\/li>\n<li>Te permitir\u00e1 definir un plan de comunicaci\u00f3n y de formaci\u00f3n de un curso virtual.<\/li>\n<\/ul>\n<h2>\u00bfQu\u00e9 incluye este curso?<\/h2>\n<p>UNIDAD 1: Modelo institucional para la formaci\u00f3n virtual<\/p>\n<p>UNIDAD 2: Estrategia operativa de formaci\u00f3n virtual<\/p>\n<p>UNIDAD 3: Modelo de evaluaci\u00f3n digital<\/p>\n<p>UNIDAD 4: Metodolog\u00eda para dise\u00f1ar cursos virtuales masivos<\/p>\n<p>\u00a0<\/p>\n<p>Iniciar\u00e1s conociendo como dise\u00f1ar un modelo de formaci\u00f3n virtual y establecer qu\u00e9 lineamientos se quieren adoptar desde una perspectiva institucional con la formaci\u00f3n online: t\u00edtulos online, t\u00edtulos semipresenciales, tecnolog\u00eda educativa apoyando las clases presenciales, situaci\u00f3n de emergencia COVID-19, cursos masivos<\/p>\n<p>\u00a0<\/p>\n<p>Despu\u00e9s aprender\u00e1s a conocer, valorar y evaluar los aspectos clave para poder implantar una estrategia de formaci\u00f3n virtual, ya sea completamente online o semipresencial<\/p>\n<p>Luego aprender\u00e1s analizar modelos de evaluaci\u00f3n on line apoyada en herramientas digitales para los diferentes escenarios de evaluaci\u00f3n on line, aplicando indicadores de calidad.<\/p>\n<p>Por \u00faltimo, aprender\u00e1s a aplicar metodolog\u00edas y estrategias de ense\u00f1anza digitales para crear aulas virtuales de aprendizaje, que contribuyan al mejoramiento del desempe\u00f1o docente en el seguimiento de las clases y el acceso a contenidos din\u00e1micos y motivadores con gamificaci\u00f3n.<\/p>\n<h2>\u00bfCu\u00e1l es el proyecto del curso?<\/h2>\n<p>Definir un modelo de referencia institucional propio aplicando metodolog\u00edas, recursos digitales y estrategias de ense\u00f1anza innovadoras con est\u00e1ndares de calidad.<\/p>\n<h2>\u00bfA qui\u00e9n est\u00e1 dirigido?<\/h2>\n<p>Rectores, Vicerrectores, directores, coordinadores acad\u00e9micos, docentes del sector p\u00fablico y privado que est\u00e9n interesados en implementar la educaci\u00f3n virtual en sus instituciones educativas, que cumplan est\u00e1ndares de calidad que contribuyan a innovar los procesos formativos virtuales.<\/p>\n<h2>Material de aprendizaje<\/h2>\n<p>ACCESO A LA PLATAFORMA DIGITAL PERSONALIZADA:<\/p>\n<ul>\n<li>Video introductorio semanal<\/li>\n<li>Mini tutoriales para aplicaciones\u00a0<\/li>\n<li>Videos tutoriales de las herramientas planteadas por semana<\/li>\n<li>Video conferencia semanal<\/li>\n<li>Gu\u00edas did\u00e1cticas, donde se detalla: actividades planteadas, fechas, duraci\u00f3n, descripci\u00f3n de la unidad.<\/li>\n<li>Contenido interactivo y presentaciones, que sustenta el contenido.<\/li>\n<li>Actividades o ejercicios de aplicaci\u00f3n semanal.<\/li>\n<li>S\u00edlabos y gu\u00edas acad\u00e9micos, con las indicaciones de desarrollo de cada unidad.<\/li>\n<li>Evaluaciones semanales<\/li>\n<li>Recursos digitales<\/li>\n<\/ul>\n<p>Cada unidad cuanta un tiempo de planificaci\u00f3n de estudio, tiene una duraci\u00f3n de 4 semanas, cada semana tiene una parte te\u00f3rica y una parte pr\u00e1ctica, por lo que recomendamos trabajar cada tema por semana. Recuerde que el desarrollo de las actividades es estrictamente personal y puede realizarlas las veces que lo considere necesario, para poder lograr aprendizajes significativos.<\/p>\n<h2>Requisitos<\/h2>\n<p>Personas activas con deseo de adquirir nuevos conocimientos<\/p>\n<p>Tener ganas de aprender las nuevas metodolog\u00edas y herramientas digitales<\/p>\n<p>Querer aprender con entusiasmo<\/p>\n<h2><strong>As\u00ed son los cursos:<\/strong><\/h2>\n<p><strong>Aprende a t\u00fa ritmo,<\/strong> t\u00fa marcas los tiempos en t\u00fa agenda, como m\u00ednimo debe dedicarle 2 horas diarias.<\/p>\n<p><strong>Gesti\u00f3n din\u00e1mica de comunicaci\u00f3n,<\/strong> Desarrollo de las tutor\u00edas acad\u00e9micas a trav\u00e9s de redes sociales, seguimiento y monitoreo docente.<\/p>\n<p><strong>De la mano el profesor,<\/strong> Aprende metodolog\u00edas innovadoras explicados por los mejores expertos en la educaci\u00f3n virtual.<\/p>\n<p><strong>Certificado, <\/strong>Emitido por la UISEK.<\/p>\n<p><!-- \/wp:paragraph --><!-- wp:heading --><\/p>\n<h2>Fecha de inicio curso<\/h2>\n<p><!-- \/wp:heading --><!-- wp:paragraph --><\/p>\n<p><strong>FECHA DE INICIO CURSO<\/strong>:\u00a0 SEPTIEMBRE 2021<\/p>\n<p>\u00a0<\/p>\n<p><!-- \/wp:paragraph --><\/p>\t\t\t\t\t<\/div>\n\t\t\t\t\t\t<\/div>\n\t\t\t\t<\/div>\n\t\t\t\t\t\t<\/div>\n\t\t\t\t\t<\/div>\n\t\t<\/div>\n\t\t\t\t\t\t\t\t<\/div>\n\t\t\t\t\t<\/div>\n\t\t<\/section>\n\t\t\t\t<section class=\"elementor-section elementor-top-section elementor-element elementor-element-495867e7 elementor-section-content-middle elementor-section-stretched elementor-section-boxed elementor-section-height-default elementor-section-height-default\" data-id=\"495867e7\" data-element_type=\"section\" data-settings=\"{&quot;stretch_section&quot;:&quot;section-stretched&quot;}\">\n\t\t\t\t\t\t<div class=\"elementor-container elementor-column-gap-no\">\n\t\t\t\t\t\t\t<div class=\"elementor-row\">\n\t\t\t\t\t<div class=\"elementor-column elementor-col-100 elementor-top-column elementor-element elementor-element-5f670692\" data-id=\"5f670692\" data-element_type=\"column\">\n\t\t\t<div class=\"elementor-column-wrap elementor-element-populated\">\n\t\t\t\t\t\t\t<div class=\"elementor-widget-wrap\">\n\t\t\t\t\t\t<div class=\"elementor-element elementor-element-20d3940 elementor-widget elementor-widget-heading\" data-id=\"20d3940\" data-element_type=\"widget\" data-widget_type=\"heading.default\">\n\t\t\t\t<div class=\"elementor-widget-container\">\n\t\t\t<h4 class=\"elementor-heading-title elementor-size-default\">Docentes <\/h4>\t\t<\/div>\n\t\t\t\t<\/div>\n\t\t\t\t<div class=\"elementor-element elementor-element-ce67f03 elementor-widget elementor-widget-text-editor\" data-id=\"ce67f03\" data-element_type=\"widget\" data-widget_type=\"text-editor.default\">\n\t\t\t\t<div class=\"elementor-widget-container\">\n\t\t\t\t\t\t\t\t<div class=\"elementor-text-editor elementor-clearfix\">\n\t\t\t\t<p>Docentes expertos por cada unidad<\/p>\t\t\t\t\t<\/div>\n\t\t\t\t\t\t<\/div>\n\t\t\t\t<\/div>\n\t\t\t\t<section class=\"elementor-section elementor-inner-section elementor-element elementor-element-5182b83f elementor-section-boxed elementor-section-height-default elementor-section-height-default\" data-id=\"5182b83f\" data-element_type=\"section\">\n\t\t\t\t\t\t<div class=\"elementor-container elementor-column-gap-default\">\n\t\t\t\t\t\t\t<div class=\"elementor-row\">\n\t\t\t\t\t<div class=\"elementor-column elementor-col-50 elementor-inner-column elementor-element elementor-element-13cfb063\" data-id=\"13cfb063\" data-element_type=\"column\">\n\t\t\t<div class=\"elementor-column-wrap elementor-element-populated\">\n\t\t\t\t\t\t\t<div class=\"elementor-widget-wrap\">\n\t\t\t\t\t\t<div class=\"elementor-element elementor-element-7c92a804 elementor-position-left elementor-vertical-align-middle elementor-widget elementor-widget-image-box\" data-id=\"7c92a804\" data-element_type=\"widget\" data-widget_type=\"image-box.default\">\n\t\t\t\t<div class=\"elementor-widget-container\">\n\t\t\t<div class=\"elementor-image-box-wrapper\"><figure class=\"elementor-image-box-img\"><img loading=\"lazy\" decoding=\"async\" width=\"200\" height=\"230\" src=\"https:\/\/i0.wp.com\/cursosinnovacioneducativa.com\/wp-content\/uploads\/2020\/01\/afb_oc_17-ho.jpg?fit=200%2C230&amp;ssl=1\" class=\"attachment-full size-full wp-image-131\" alt=\"Angel F\" \/><\/figure><div class=\"elementor-image-box-content\"><h3 class=\"elementor-image-box-title\">Dr. \u00c1ngel Fidalgo Blanco Phd.<\/h3><p class=\"elementor-image-box-description\">\u201cconectivismo.net\u201d<\/p><\/div><\/div>\t\t<\/div>\n\t\t\t\t<\/div>\n\t\t\t\t<div class=\"elementor-element elementor-element-593538b2 elementor-widget elementor-widget-text-editor\" data-id=\"593538b2\" data-element_type=\"widget\" data-widget_type=\"text-editor.default\">\n\t\t\t\t<div class=\"elementor-widget-container\">\n\t\t\t\t\t\t\t\t<div class=\"elementor-text-editor elementor-clearfix\">\n\t\t\t\t<p><span style=\"color: #000000;\">Es doctor en Inform\u00e1tica por la Universidad de Las Palmas de Gran Canaria, profesor Titular de Universidad en la Universidad Polit\u00e9cnica de Madrid\u00a0 y Director del Laboratorio de Innovaci\u00f3n en Tecnolog\u00edas de la Informaci\u00f3n. Es presidente del comit\u00e9 organizador del Congreso Internacional sobre Aprendizaje, Innovaci\u00f3n y Competitividad (CINAIC). Ha sido distinguido con el \u201cPremio a la mejor asignatura OCW\u201d por el Ministerio de Educaci\u00f3n del Gobierno de Espa\u00f1a, \u201cPremio a la Innovaci\u00f3n Educativa\u201d y Premio a la \u201cExcelencia Docente\u201d, ambos por la Universidad Polit\u00e9cnica de Madrid. Es editor del blog \u201cInnovaci\u00f3n Educativa\u201d y creador de la comunidad de aprendizaje en innovaci\u00f3n educativa \u201cconectivismo.net\u201d<\/span><\/p>\t\t\t\t\t<\/div>\n\t\t\t\t\t\t<\/div>\n\t\t\t\t<\/div>\n\t\t\t\t<div class=\"elementor-element elementor-element-200b7f4c e-grid-align-right e-grid-align-mobile-center elementor-shape-rounded elementor-grid-0 elementor-widget elementor-widget-social-icons\" data-id=\"200b7f4c\" data-element_type=\"widget\" data-widget_type=\"social-icons.default\">\n\t\t\t\t<div class=\"elementor-widget-container\">\n\t\t\t\t\t<div class=\"elementor-social-icons-wrapper elementor-grid\">\n\t\t\t\t\t\t\t<span class=\"elementor-grid-item\">\n\t\t\t\t\t<a class=\"elementor-icon elementor-social-icon elementor-social-icon-facebook elementor-animation-grow elementor-repeater-item-8b93740\" href=\"https:\/\/www.facebook.com\/angel.fidalgo.9\" target=\"_blank\">\n\t\t\t\t\t\t<span class=\"elementor-screen-only\">Facebook<\/span>\n\t\t\t\t\t\t<i class=\"fab fa-facebook\"><\/i>\t\t\t\t\t<\/a>\n\t\t\t\t<\/span>\n\t\t\t\t\t\t\t<span class=\"elementor-grid-item\">\n\t\t\t\t\t<a class=\"elementor-icon elementor-social-icon elementor-social-icon-twitter elementor-animation-grow elementor-repeater-item-d2b7695\" href=\"https:\/\/twitter.com\/afidalgo111\" target=\"_blank\">\n\t\t\t\t\t\t<span class=\"elementor-screen-only\">Twitter<\/span>\n\t\t\t\t\t\t<i class=\"fab fa-twitter\"><\/i>\t\t\t\t\t<\/a>\n\t\t\t\t<\/span>\n\t\t\t\t\t\t\t<span class=\"elementor-grid-item\">\n\t\t\t\t\t<a class=\"elementor-icon elementor-social-icon elementor-social-icon-wordpress elementor-animation-grow elementor-repeater-item-51ea8aa\" href=\"https:\/\/innovacioneducativa.wordpress.com\/author\/afidalgo\/\" target=\"_blank\">\n\t\t\t\t\t\t<span class=\"elementor-screen-only\">WordPress<\/span>\n\t\t\t\t\t\t<i class=\"fab fa-wordpress\"><\/i>\t\t\t\t\t<\/a>\n\t\t\t\t<\/span>\n\t\t\t\t\t<\/div>\n\t\t\t\t<\/div>\n\t\t\t\t<\/div>\n\t\t\t\t\t\t<\/div>\n\t\t\t\t\t<\/div>\n\t\t<\/div>\n\t\t\t\t<div class=\"elementor-column elementor-col-50 elementor-inner-column elementor-element elementor-element-e6087ed\" data-id=\"e6087ed\" data-element_type=\"column\">\n\t\t\t<div class=\"elementor-column-wrap elementor-element-populated\">\n\t\t\t\t\t\t\t<div class=\"elementor-widget-wrap\">\n\t\t\t\t\t\t<div class=\"elementor-element elementor-element-77d60fcf elementor-position-left elementor-vertical-align-middle elementor-widget elementor-widget-image-box\" data-id=\"77d60fcf\" data-element_type=\"widget\" data-widget_type=\"image-box.default\">\n\t\t\t\t<div class=\"elementor-widget-container\">\n\t\t\t<div class=\"elementor-image-box-wrapper\"><figure class=\"elementor-image-box-img\"><img loading=\"lazy\" decoding=\"async\" width=\"150\" height=\"150\" src=\"https:\/\/i0.wp.com\/cursosinnovacioneducativa.com\/wp-content\/uploads\/2020\/01\/Foto-MLSE.jpg?resize=150%2C150&amp;ssl=1\" class=\"attachment-thumbnail size-thumbnail wp-image-132\" alt=\"Marisa\" \/><\/figure><div class=\"elementor-image-box-content\"><h3 class=\"elementor-image-box-title\">Dra. Mar\u00eda L. Sein-Echaluce L. Phd.<\/h3><p class=\"elementor-image-box-description\">Platformas virtuales<\/p><\/div><\/div>\t\t<\/div>\n\t\t\t\t<\/div>\n\t\t\t\t<div class=\"elementor-element elementor-element-6a7eb878 elementor-widget elementor-widget-text-editor\" data-id=\"6a7eb878\" data-element_type=\"widget\" data-widget_type=\"text-editor.default\">\n\t\t\t\t<div class=\"elementor-widget-container\">\n\t\t\t\t\t\t\t\t<div class=\"elementor-text-editor elementor-clearfix\">\n\t\t\t\t<p><span style=\"color: #000000;\">Es doctora en Matem\u00e1ticas, profesora titular de universidad desde 1992, actualmente en la Escuela de Ingenier\u00eda y Arquitectura, y directora del Campus Virtual de la Universidad de Zaragoza de 2012 a 2020. Es presidenta del comit\u00e9 cient\u00edfico y secretaria del comit\u00e9 organizador del Congreso Internacional sobre Aprendizaje, Innovaci\u00f3n y Competitividad (CINAIC) que comenzaron en 2011. Es miembro de comit\u00e9s de evaluaci\u00f3n de proyectos de investigaci\u00f3n e innovaci\u00f3n educativa en varias universidades espa\u00f1olas, y miembro de numerosos comit\u00e9s cient\u00edficos en revistas y congresos internacionales.\u00a0<\/span><\/p>\t\t\t\t\t<\/div>\n\t\t\t\t\t\t<\/div>\n\t\t\t\t<\/div>\n\t\t\t\t<div class=\"elementor-element elementor-element-6f86428d e-grid-align-right e-grid-align-mobile-center elementor-shape-rounded elementor-grid-0 elementor-widget elementor-widget-social-icons\" data-id=\"6f86428d\" data-element_type=\"widget\" data-widget_type=\"social-icons.default\">\n\t\t\t\t<div class=\"elementor-widget-container\">\n\t\t\t\t\t<div class=\"elementor-social-icons-wrapper elementor-grid\">\n\t\t\t\t\t\t\t<span class=\"elementor-grid-item\">\n\t\t\t\t\t<a class=\"elementor-icon elementor-social-icon elementor-social-icon-orcid elementor-animation-grow elementor-repeater-item-8b93740\" href=\"http:\/\/orcid.org\/0000-0002-6873-0996\" target=\"_blank\">\n\t\t\t\t\t\t<span class=\"elementor-screen-only\">Orcid<\/span>\n\t\t\t\t\t\t<i class=\"fab fa-orcid\"><\/i>\t\t\t\t\t<\/a>\n\t\t\t\t<\/span>\n\t\t\t\t\t<\/div>\n\t\t\t\t<\/div>\n\t\t\t\t<\/div>\n\t\t\t\t\t\t<\/div>\n\t\t\t\t\t<\/div>\n\t\t<\/div>\n\t\t\t\t\t\t\t\t<\/div>\n\t\t\t\t\t<\/div>\n\t\t<\/section>\n\t\t\t\t<section class=\"elementor-section elementor-inner-section elementor-element elementor-element-39067dc7 elementor-section-boxed elementor-section-height-default elementor-section-height-default\" data-id=\"39067dc7\" data-element_type=\"section\">\n\t\t\t\t\t\t<div class=\"elementor-container elementor-column-gap-default\">\n\t\t\t\t\t\t\t<div class=\"elementor-row\">\n\t\t\t\t\t<div class=\"elementor-column elementor-col-50 elementor-inner-column elementor-element elementor-element-47bb3d1\" data-id=\"47bb3d1\" data-element_type=\"column\">\n\t\t\t<div class=\"elementor-column-wrap elementor-element-populated\">\n\t\t\t\t\t\t\t<div class=\"elementor-widget-wrap\">\n\t\t\t\t\t\t<div class=\"elementor-element elementor-element-2683e1af elementor-position-left elementor-vertical-align-middle elementor-widget elementor-widget-image-box\" data-id=\"2683e1af\" data-element_type=\"widget\" data-widget_type=\"image-box.default\">\n\t\t\t\t<div class=\"elementor-widget-container\">\n\t\t\t<div class=\"elementor-image-box-wrapper\"><figure class=\"elementor-image-box-img\"><img loading=\"lazy\" decoding=\"async\" width=\"200\" height=\"190\" src=\"https:\/\/i0.wp.com\/cursosinnovacioneducativa.com\/wp-content\/uploads\/2020\/01\/Lena-N-e1611164206113.jpeg?fit=200%2C190&amp;ssl=1\" class=\"attachment-full size-full wp-image-133\" alt=\"Lena\" \/><\/figure><div class=\"elementor-image-box-content\"><h3 class=\"elementor-image-box-title\">Dra. Lena I. Ruiz R. PhD.<\/h3><p class=\"elementor-image-box-description\">METODOLOG\u00cdAS MOOC<\/p><\/div><\/div>\t\t<\/div>\n\t\t\t\t<\/div>\n\t\t\t\t<div class=\"elementor-element elementor-element-1d45660d elementor-widget elementor-widget-text-editor\" data-id=\"1d45660d\" data-element_type=\"widget\" data-widget_type=\"text-editor.default\">\n\t\t\t\t<div class=\"elementor-widget-container\">\n\t\t\t\t\t\t\t\t<div class=\"elementor-text-editor elementor-clearfix\">\n\t\t\t\t<p><span style=\"color: #000000;\">PhD en TICs en Educaci\u00f3n: an\u00e1lisis y dise\u00f1o de procesos, recursos y pr\u00e1cticas formativas en la Universidad de Salamanca, Espa\u00f1a, Magister en Docencia Universitaria e investigaci\u00f3n educativa, Maestr\u00eda en TICs en la educaci\u00f3n, Maestr\u00eda en entornos virtuales de aprendizaje. En su amplia trayectoria profesional, se ha desempe\u00f1ado como directora, coordinadora y decana de algunas carreras de modalidad Presencial y semipresencial de algunas universidades del pa\u00eds. L\u00edder de varios proyectos de investigaci\u00f3n, desarrollo, implementaci\u00f3n e integraci\u00f3n de Entornos virtuales de aprendizaje y herramientas tecnol\u00f3gicas educativas. Docente en varias Universidades del pa\u00eds pregrado y posgrado.<\/span><\/p>\n<p><span style=\"color: #000000;\">Docente Universitaria, por m\u00e1s de 14 a\u00f1os en varias Universidades del pa\u00eds en Postgrado y Pregrado. En la Universidad Nacional de Loja, Universidad San Francisco de Quito, Universidad tecnol\u00f3gica Indoama\u00e9rica, Universidad T\u00e9cnica de Ambato, Instituto de Altos Estudios Nacionales, IAEN, Universidad de las Am\u00e9ricas, UDLA, Universidad Isrrael, Universidad Internacional SEK y actualmente en la ESPE Universidad de las Fuerzas Armadas.<\/span><\/p>\n<p><span style=\"color: #000000;\">Adem\u00e1s, es autora de varias publicaciones cient\u00edficas.<\/span><\/p>\t\t\t\t\t<\/div>\n\t\t\t\t\t\t<\/div>\n\t\t\t\t<\/div>\n\t\t\t\t<div class=\"elementor-element elementor-element-787b116d e-grid-align-right e-grid-align-mobile-center elementor-shape-rounded elementor-grid-0 elementor-widget elementor-widget-social-icons\" data-id=\"787b116d\" data-element_type=\"widget\" data-widget_type=\"social-icons.default\">\n\t\t\t\t<div class=\"elementor-widget-container\">\n\t\t\t\t\t<div class=\"elementor-social-icons-wrapper elementor-grid\">\n\t\t\t\t\t\t\t<span class=\"elementor-grid-item\">\n\t\t\t\t\t<a class=\"elementor-icon elementor-social-icon elementor-social-icon-facebook elementor-animation-grow elementor-repeater-item-8b93740\" href=\"https:\/\/www.facebook.com\/profile.php?id=100056076935840\" target=\"_blank\">\n\t\t\t\t\t\t<span class=\"elementor-screen-only\">Facebook<\/span>\n\t\t\t\t\t\t<i class=\"fab fa-facebook\"><\/i>\t\t\t\t\t<\/a>\n\t\t\t\t<\/span>\n\t\t\t\t\t\t\t<span class=\"elementor-grid-item\">\n\t\t\t\t\t<a class=\"elementor-icon elementor-social-icon elementor-social-icon-twitter elementor-animation-grow elementor-repeater-item-d2b7695\" href=\"https:\/\/twitter.com\/EducativaLr\" target=\"_blank\">\n\t\t\t\t\t\t<span class=\"elementor-screen-only\">Twitter<\/span>\n\t\t\t\t\t\t<i class=\"fab fa-twitter\"><\/i>\t\t\t\t\t<\/a>\n\t\t\t\t<\/span>\n\t\t\t\t\t\t\t<span class=\"elementor-grid-item\">\n\t\t\t\t\t<a class=\"elementor-icon elementor-social-icon elementor-social-icon-instagram elementor-animation-grow elementor-repeater-item-0831677\" href=\"https:\/\/www.instagram.com\/l.r.cursosdigitales\/\" target=\"_blank\">\n\t\t\t\t\t\t<span class=\"elementor-screen-only\">Instagram<\/span>\n\t\t\t\t\t\t<i class=\"fab fa-instagram\"><\/i>\t\t\t\t\t<\/a>\n\t\t\t\t<\/span>\n\t\t\t\t\t\t\t<span class=\"elementor-grid-item\">\n\t\t\t\t\t<a class=\"elementor-icon elementor-social-icon elementor-social-icon-linkedin elementor-animation-grow elementor-repeater-item-0ac3790\" href=\"https:\/\/www.linkedin.com\/in\/lena-ruiz-011a9220\/\" target=\"_blank\">\n\t\t\t\t\t\t<span class=\"elementor-screen-only\">Linkedin<\/span>\n\t\t\t\t\t\t<i class=\"fab fa-linkedin\"><\/i>\t\t\t\t\t<\/a>\n\t\t\t\t<\/span>\n\t\t\t\t\t<\/div>\n\t\t\t\t<\/div>\n\t\t\t\t<\/div>\n\t\t\t\t\t\t<\/div>\n\t\t\t\t\t<\/div>\n\t\t<\/div>\n\t\t\t\t<div class=\"elementor-column elementor-col-50 elementor-inner-column elementor-element elementor-element-17beea59\" data-id=\"17beea59\" data-element_type=\"column\">\n\t\t\t<div class=\"elementor-column-wrap elementor-element-populated\">\n\t\t\t\t\t\t\t<div class=\"elementor-widget-wrap\">\n\t\t\t\t\t\t<div class=\"elementor-element elementor-element-ba56d42 elementor-position-left elementor-vertical-align-middle elementor-widget elementor-widget-image-box\" data-id=\"ba56d42\" data-element_type=\"widget\" data-widget_type=\"image-box.default\">\n\t\t\t\t<div class=\"elementor-widget-container\">\n\t\t\t<div class=\"elementor-image-box-wrapper\"><figure class=\"elementor-image-box-img\"><img loading=\"lazy\" decoding=\"async\" width=\"150\" height=\"150\" src=\"https:\/\/i0.wp.com\/cursosinnovacioneducativa.com\/wp-content\/uploads\/2020\/01\/MG_0381-1.jpg?resize=150%2C150&amp;ssl=1\" class=\"attachment-thumbnail size-thumbnail wp-image-187\" alt=\"Francisco2\" srcset=\"https:\/\/i0.wp.com\/cursosinnovacioneducativa.com\/wp-content\/uploads\/2020\/01\/MG_0381-1.jpg?resize=150%2C150&amp;ssl=1 150w, https:\/\/i0.wp.com\/cursosinnovacioneducativa.com\/wp-content\/uploads\/2020\/01\/MG_0381-1.jpg?zoom=2&amp;resize=150%2C150&amp;ssl=1 300w\" sizes=\"auto, (max-width: 150px) 100vw, 150px\" \/><\/figure><div class=\"elementor-image-box-content\"><h3 class=\"elementor-image-box-title\">Dr. Francisco J. Garc\u00eda Pe\u00f1alvo Phd.<\/h3><p class=\"elementor-image-box-description\">Innovaci\u00f3n y TIC<\/p><\/div><\/div>\t\t<\/div>\n\t\t\t\t<\/div>\n\t\t\t\t<div class=\"elementor-element elementor-element-6770012a elementor-widget elementor-widget-text-editor\" data-id=\"6770012a\" data-element_type=\"widget\" data-widget_type=\"text-editor.default\">\n\t\t\t\t<div class=\"elementor-widget-container\">\n\t\t\t\t\t\t\t\t<div class=\"elementor-text-editor elementor-clearfix\">\n\t\t\t\t<p><span style=\"color: #000000;\">Catedr\u00e1tico de Universidad del Departamento de Inform\u00e1tica y Autom\u00e1tica en la Universidad de Salamanca (USAL). Profesor de la Escuela de Humanidades y Educaci\u00f3n del Tecnol\u00f3gico de Monterrey, M\u00e9xico e Investigador de Impacto Internacional de la Universidad Nacional San Agust\u00edn, Arequipa, Per\u00fa. Desde 2006 es el director del Grupo de Investigaci\u00f3n Reconocido por la USAL GRIAL (GRupo de investigaci\u00f3n en InterAcci\u00f3n y eLearning),\u00a0 Ha sido Vicedecano de Innovaci\u00f3n y Nuevas Tecnolog\u00edas de la Facultad de Ciencias de la USAL entre 2004 y 2007 y Vicerrector de Innovaci\u00f3n Tecnol\u00f3gica de esta Universidad entre 2007 y 2009. Actualmente es el Delegado del Rector para la Docencia Virtual y el Coordinador del Programa de Doctorado en Formaci\u00f3n en la Sociedad del Conocimiento de la USAL. Es Editor Jefe de las revistas Education in the Knowledge Society y Journal of the Information Technology Research. Ha publicado m\u00e1s de 100 art\u00edculos en revistas indexadas en el JCR (51 Q1).\u00a0<\/span><\/p>\t\t\t\t\t<\/div>\n\t\t\t\t\t\t<\/div>\n\t\t\t\t<\/div>\n\t\t\t\t<div class=\"elementor-element elementor-element-fdd0e57 e-grid-align-right e-grid-align-mobile-center elementor-shape-rounded elementor-grid-0 elementor-widget elementor-widget-social-icons\" data-id=\"fdd0e57\" data-element_type=\"widget\" data-widget_type=\"social-icons.default\">\n\t\t\t\t<div class=\"elementor-widget-container\">\n\t\t\t\t\t<div class=\"elementor-social-icons-wrapper elementor-grid\">\n\t\t\t\t\t\t\t<span class=\"elementor-grid-item\">\n\t\t\t\t\t<a class=\"elementor-icon elementor-social-icon elementor-social-icon-facebook elementor-animation-grow elementor-repeater-item-8b93740\" href=\"https:\/\/www.facebook.com\/franciscojose.garciapenalvo\" target=\"_blank\">\n\t\t\t\t\t\t<span class=\"elementor-screen-only\">Facebook<\/span>\n\t\t\t\t\t\t<i class=\"fab fa-facebook\"><\/i>\t\t\t\t\t<\/a>\n\t\t\t\t<\/span>\n\t\t\t\t\t\t\t<span class=\"elementor-grid-item\">\n\t\t\t\t\t<a class=\"elementor-icon elementor-social-icon elementor-social-icon-twitter elementor-animation-grow elementor-repeater-item-d2b7695\" href=\"https:\/\/twitter.com\/frangp\" target=\"_blank\">\n\t\t\t\t\t\t<span class=\"elementor-screen-only\">Twitter<\/span>\n\t\t\t\t\t\t<i class=\"fab fa-twitter\"><\/i>\t\t\t\t\t<\/a>\n\t\t\t\t<\/span>\n\t\t\t\t\t\t\t<span class=\"elementor-grid-item\">\n\t\t\t\t\t<a class=\"elementor-icon elementor-social-icon elementor-social-icon- elementor-animation-grow elementor-repeater-item-0831677\" href=\"http:\/\/goo.gl\/sDwrr0\" target=\"_blank\">\n\t\t\t\t\t\t<span class=\"elementor-screen-only\"><\/span>\n\t\t\t\t\t\t<svg xmlns:dc=\"http:\/\/purl.org\/dc\/elements\/1.1\/\" xmlns:cc=\"http:\/\/creativecommons.org\/ns#\" xmlns:rdf=\"http:\/\/www.w3.org\/1999\/02\/22-rdf-syntax-ns#\" xmlns:svg=\"http:\/\/www.w3.org\/2000\/svg\" xmlns=\"http:\/\/www.w3.org\/2000\/svg\" xmlns:sodipodi=\"http:\/\/sodipodi.sourceforge.net\/DTD\/sodipodi-0.dtd\" xmlns:inkscape=\"http:\/\/www.inkscape.org\/namespaces\/inkscape\" width=\"384\" height=\"512\" viewBox=\"0 0 384 512\" id=\"svg8\" inkscape:version=\"1.0 (1.0+r73+1)\" sodipodi:docname=\"google-scholar.svg\"><title id=\"title833\">Google Scholar<\/title><defs id=\"defs2\"><\/defs><metadata><\/metadata><g inkscape:groupmode=\"layer\" id=\"layer6\" inkscape:label=\"icon\"><path style=\"stroke-width:0.0647871\" d=\"M 343.75868,106.66243 V 79.430205 L 363.52365,63.999997 H 149.63354 L 20.476345,176.2736 h 85.656075 c -0.15534,2.12494 -0.21914,4.04644 -0.21914,6.22563 0,20.84472 7.2192,38.08662 21.67203,51.86089 14.45284,13.79702 32.25124,20.64784 53.32651,20.64784 4.92319,0 9.75059,-0.36794 14.43842,-1.02419 -2.90722,6.50082 -4.37457,12.52302 -4.37457,18.14228 0,9.87526 4.49924,20.4304 13.46715,31.6418 -39.23377,2.6705 -68.06112,9.73264 -86.43702,21.16322 -10.53108,6.49907 -19.000207,14.70396 -25.390349,24.5311 -6.390569,9.89933 -9.577754,20.51525 -9.577754,31.9616 0,9.64822 2.062375,18.33611 6.21907,26.06233 4.156694,7.7263 9.577757,14.07047 16.312223,18.98408 6.71825,4.96781 14.46899,9.10088 23.219,12.46874 8.73429,3.34378 17.40643,5.71858 26.06106,7.06258 8.62707,1.34222 17.20471,1.9985 25.70579,1.9985 13.46887,0 26.95353,-1.73428 40.54711,-5.18707 13.56165,-3.48461 26.28022,-8.64143 38.17105,-15.4927 11.85935,-6.80488 21.51545,-16.0865 28.9219,-27.7183 7.39024,-11.67998 11.09457,-24.80499 11.09457,-39.33613 0,-11.01584 -2.24964,-21.03852 -6.7502,-30.14073 -4.46864,-9.07202 -9.93785,-16.54102 -16.45271,-22.34403 -6.5008,-5.81263 -12.99987,-11.15539 -19.51512,-15.9679 -6.50083,-4.84488 -12.00021,-9.75058 -16.46884,-14.8129 -4.4848,-5.04657 -6.73444,-10.05419 -6.73444,-14.98395 0,-4.92145 1.73422,-9.67183 5.21588,-14.26559 3.45451,-4.6095 7.67376,-9.04795 12.60967,-13.30571 4.93756,-4.24944 9.87523,-8.96788 14.79665,-14.13302 4.92147,-5.14719 9.14072,-11.82739 12.60971,-20.00822 3.48467,-8.17907 5.20318,-17.44489 5.20318,-27.75679 0,-13.4527 -2.54714,-24.46065 -7.54735,-33.31348 -0.59369,-1.02243 -1.21757,-1.80338 -1.87511,-3.02225 l 56.90745,-46.672136 v 17.118526 c -7.39373,0.92969 -6.62422,5.34582 -6.62422,10.6352 v 128.66719 c 0,5.95832 4.8751,10.83382 10.83386,10.83382 h 3.98869 c 5.95835,0 10.83386,-4.87506 10.83386,-10.83382 V 117.29282 c 0,-5.27669 0.77741,-9.68801 -6.56167,-10.63039 z M 236.39865,329.14114 c 1.14099,0.7503 3.7039,2.78075 7.7184,6.03838 4.0495,3.24319 6.797,5.69582 8.26567,7.41432 1.43851,1.66381 3.5792,4.16501 6.37617,7.54734 2.81268,3.3744 4.7184,6.30394 5.71853,8.73425 1.00016,2.4767 2.01603,5.46089 3.04636,8.94556 0.98567,3.44488 1.48486,6.97595 1.48486,10.56169 0,17.04813 -6.56338,29.68007 -19.65604,37.85915 -13.125,8.18083 -28.76651,12.27368 -46.93767,12.27368 -9.18709,0 -18.2031,-1.09289 -27.06247,-3.1951 -8.84322,-2.11665 -17.31192,-5.3362 -25.39035,-9.60185 -8.07846,-4.25771 -14.57754,-10.20337 -19.50072,-17.79659 -4.93764,-7.64012 -7.40645,-16.41464 -7.40645,-26.24962 0,-10.32022 2.79692,-19.28987 8.42233,-26.90588 5.59343,-7.62564 12.93774,-13.3919 22.03208,-17.3154 9.0624,-3.94582 18.24946,-6.74232 27.56166,-8.39827 9.31221,-1.7023 18.79679,-2.555 28.43842,-2.555 4.46862,0 7.93582,0.25115 10.40465,0.69607 0.45456,0.21918 3.03188,2.07025 7.73456,5.56326 4.70401,3.46237 7.62565,5.59519 8.75047,6.38401 z m -3.35823,-100.5779 c -7.40648,8.85938 -17.73454,13.2882 -30.95363,13.2882 -11.85933,0 -22.29766,-4.76482 -31.26554,-14.31195 -8.99984,-9.52309 -15.42235,-20.32803 -19.34408,-32.43061 -3.93752,-12.10871 -5.90585,-23.98423 -5.90585,-35.648 0,-13.6942 3.59542,-25.35184 10.7809,-34.97598 7.18727,-9.64952 17.49915,-14.48477 30.93786,-14.48477 11.87507,0 22.37423,5.03825 31.43704,15.15677 9.09434,10.08482 15.60961,21.41303 19.5169,33.96799 3.92176,12.5392 5.87345,24.52979 5.87345,35.98399 0,13.44658 -3.70256,24.60984 -11.07663,33.45436 z\" id=\"path2\"><\/path><\/g><\/svg>\t\t\t\t\t<\/a>\n\t\t\t\t<\/span>\n\t\t\t\t\t\t\t<span class=\"elementor-grid-item\">\n\t\t\t\t\t<a class=\"elementor-icon elementor-social-icon elementor-social-icon- elementor-animation-grow elementor-repeater-item-0ac3790\" href=\"https:\/\/bit.ly\/2u2FN5l\" target=\"_blank\">\n\t\t\t\t\t\t<span class=\"elementor-screen-only\"><\/span>\n\t\t\t\t\t\t<svg xmlns:dc=\"http:\/\/purl.org\/dc\/elements\/1.1\/\" xmlns:cc=\"http:\/\/creativecommons.org\/ns#\" xmlns:rdf=\"http:\/\/www.w3.org\/1999\/02\/22-rdf-syntax-ns#\" xmlns:svg=\"http:\/\/www.w3.org\/2000\/svg\" xmlns=\"http:\/\/www.w3.org\/2000\/svg\" xmlns:sodipodi=\"http:\/\/sodipodi.sourceforge.net\/DTD\/sodipodi-0.dtd\" xmlns:inkscape=\"http:\/\/www.inkscape.org\/namespaces\/inkscape\" width=\"320\" height=\"512\" viewBox=\"0 0 320 512\" id=\"svg8\" inkscape:version=\"1.0 (1.0+r73+1)\" sodipodi:docname=\"publons.svg\"><title id=\"title833\">Publons<\/title><defs id=\"defs2\"><\/defs><metadata><\/metadata><g inkscape:groupmode=\"layer\" id=\"layer6\" inkscape:label=\"icon\"><path style=\"stroke-width:0.0675242\" d=\"m 282.06661,122.98132 c -3.2209,-7.85624 -7.83525,-15.06718 -12.99213,-21.77629 C 256.78328,85.683269 240.55101,72.513548 221.19584,67.207938 192.10931,59.16487 159.8688,66.793626 136.1456,85.051094 c -5.09779,3.864028 -9.62245,8.388701 -13.81111,13.199916 -2.0064,-10.384158 -2.62896,-21.005002 -4.98098,-31.309075 -1.20489,-1.294575 -2.37127,-3.231853 -4.44504,-2.905461 -5.1586,0.09944 -9.94883,2.271956 -14.643244,4.188662 -20.224038,8.79381 -40.379391,17.725013 -60.594244,26.507449 -2.134581,1.017656 -4.803349,1.542209 -6.166613,3.667156 -0.44494,2.846399 -0.414315,5.800009 -0.03024,8.656029 1.225451,2.80484 4.278347,4.08801 6.759869,5.60003 6.520115,3.66586 13.545546,6.67851 19.265902,11.6096 5.137607,4.22893 7.854503,10.72979 8.320008,17.27046 0.206476,2.16476 0.276964,4.33785 0.286564,6.5201 -0.01928,79.37849 0.01134,158.76613 -0.01928,238.14414 -0.513633,10.0289 0.139125,20.1457 -1.4722,30.09455 -0.830385,4.68302 -3.516655,9.91996 -8.635448,10.84791 -7.667246,0.59191 -15.403189,-0.28686 -23.059497,0.39504 -2.046205,0.0782 -2.766336,2.3026 -2.638585,4.02066 0.01928,4.56491 -0.128201,9.13946 0.07831,13.71355 -0.0098,1.25431 1.353637,1.848 2.055831,2.70727 14.305929,-0.37455 28.603547,-1.41271 42.909037,-1.58071 27.34747,-0.53287 54.71551,-0.0495 82.01486,1.59995 2.1442,0.0113 5.52304,0.0397 5.99686,-2.67666 0.42569,-4.88163 0.36619,-9.83024 0.0398,-14.70227 -0.0398,-2.16476 -2.24308,-3.192 -4.11997,-3.192 -5.90892,-0.30577 -11.8161,-0.0385 -17.72502,-0.0994 -3.43703,-0.0896 -7.17287,0.41431 -10.30409,-1.3344 -3.12158,-1.89615 -4.20965,-5.69106 -5.04966,-9.0209 -2.48984,-12.46884 -1.57108,-25.26408 -2.03526,-37.89132 -0.30717,-28.06888 -0.73108,-56.13955 -0.83039,-84.21808 11.61922,5.2369 24.23682,7.96343 36.89293,9.07993 21.98411,2.11359 44.63892,-2.23345 64.03432,-12.87353 24.43372,-13.12161 43.18774,-35.51086 53.77794,-60.96217 8.38869,-19.94886 12.08341,-41.72343 11.70893,-63.31246 -0.0722,-14.87511 -1.8511,-30.00181 -7.66072,-43.81469 z M 228.61503,238.8957 c -4.35664,15.52352 -13.17935,30.85628 -27.79371,38.68187 -12.32972,6.86577 -27.14097,6.02578 -40.52814,3.36967 -10.39378,-2.05582 -19.82898,-7.39994 -27.78411,-14.26743 -6.80624,-6.65924 -9.33763,-16.52976 -9.20814,-25.80656 0.12949,-40.41003 -0.18723,-80.84061 0.15837,-121.24099 9.11844,-12.78564 23.93932,-21.054439 39.40201,-23.179386 14.68174,-2.153842 30.21312,2.678368 40.78583,13.140856 14.32649,13.96028 21.40004,33.5329 25.55064,52.69163 4.95998,25.17439 6.34425,51.6626 -0.58232,76.61034 z\" id=\"path2\"><\/path><\/g><\/svg>\t\t\t\t\t<\/a>\n\t\t\t\t<\/span>\n\t\t\t\t\t\t\t<span class=\"elementor-grid-item\">\n\t\t\t\t\t<a class=\"elementor-icon elementor-social-icon elementor-social-icon- elementor-animation-grow elementor-repeater-item-ae53ecc\" href=\"http:\/\/orcid.org\/0000-0001-9987-5584\" target=\"_blank\">\n\t\t\t\t\t\t<span class=\"elementor-screen-only\"><\/span>\n\t\t\t\t\t\t<svg xmlns:dc=\"http:\/\/purl.org\/dc\/elements\/1.1\/\" xmlns:cc=\"http:\/\/creativecommons.org\/ns#\" xmlns:rdf=\"http:\/\/www.w3.org\/1999\/02\/22-rdf-syntax-ns#\" xmlns:svg=\"http:\/\/www.w3.org\/2000\/svg\" xmlns=\"http:\/\/www.w3.org\/2000\/svg\" xmlns:sodipodi=\"http:\/\/sodipodi.sourceforge.net\/DTD\/sodipodi-0.dtd\" xmlns:inkscape=\"http:\/\/www.inkscape.org\/namespaces\/inkscape\" sodipodi:docname=\"orcid.svg\" inkscape:version=\"1.0 (1.0+r73+1)\" id=\"svg8\" viewBox=\"0 0 512 512\" height=\"512\" width=\"512\"><title id=\"title833\">Orcid<\/title><defs id=\"defs2\"><\/defs><metadata><\/metadata><g inkscape:label=\"icon\" id=\"layer6\" inkscape:groupmode=\"layer\"><path id=\"path2\" d=\"m 336.6206,194.53756 c -7.12991,-3.32734 -13.8671,-5.55949 -20.25334,-6.61343 -6.36534,-1.09517 -16.57451,-1.61223 -30.71059,-1.61223 h -36.70409 v 152.74712 h 37.63425 c 14.6735,0 26.08126,-1.01267 34.22385,-3.01709 8.14259,-2.00442 14.92159,-4.52592 20.35674,-7.62608 5.43519,-3.07925 10.416,-6.8615 14.94192,-11.38742 14.4876,-14.71475 21.74129,-33.27334 21.74129,-55.7176 0,-22.05151 -7.44016,-40.05177 -22.34085,-53.98159 -5.49732,-5.16674 -11.82143,-9.44459 -18.88918,-12.79281 z M 255.99999,8.0000031 C 119.02153,8.0000031 8.0000034,119.04185 8.0000034,255.99998 8.0000034,392.95812 119.02153,504 255.99999,504 392.97849,504 504,392.95812 504,255.99998 504,119.04185 392.97849,8.0000031 255.99999,8.0000031 Z M 173.66372,365.51268 H 144.27546 V 160.1481 h 29.38826 z M 158.94954,138.69619 c -11.13935,0 -20.21208,-9.01056 -20.21208,-20.21208 0,-11.11841 9.05183,-20.191181 20.21208,-20.191181 11.18058,0 20.23244,9.051831 20.23244,20.191181 -0.0219,11.22184 -9.05186,20.21208 -20.23244,20.21208 z m 241.3866,163.59715 c -5.29051,12.54475 -12.83407,23.58066 -22.65053,33.08742 -9.98203,9.83734 -21.59659,17.19443 -34.84378,22.19616 -7.74983,3.01709 -14.83852,5.06335 -21.30725,6.11726 -6.4891,1.01267 -18.82759,1.50883 -37.07593,1.50883 H 219.5033 V 160.1481 h 69.23318 c 27.96195,0 50.03378,4.1541 66.31951,12.54476 16.26485,8.36977 29.18144,20.72859 38.79164,36.97254 9.61013,16.26483 14.4254,34.01757 14.4254,53.19607 0.0227,13.76426 -2.66619,26.90802 -7.93576,39.43187 z\" style=\"stroke-width:0.07717\"><\/path><\/g><\/svg>\t\t\t\t\t<\/a>\n\t\t\t\t<\/span>\n\t\t\t\t\t<\/div>\n\t\t\t\t<\/div>\n\t\t\t\t<\/div>\n\t\t\t\t\t\t<\/div>\n\t\t\t\t\t<\/div>\n\t\t<\/div>\n\t\t\t\t\t\t\t\t<\/div>\n\t\t\t\t\t<\/div>\n\t\t<\/section>\n\t\t\t\t\t\t<\/div>\n\t\t\t\t\t<\/div>\n\t\t<\/div>\n\t\t\t\t\t\t\t\t<\/div>\n\t\t\t\t\t<\/div>\n\t\t<\/section>\n\t\t\t\t\t\t\t\t\t<\/div>\n\t\t\t<\/div>\n\t\t\t\t\t<\/div>\n\t\t","protected":false},"excerpt":{"rendered":"<p>Descargar DOSSIER Informativo Gesti\u00f3n e implementaci\u00f3n de sistemas virtuales en Instituciones educativas. La nueva era digital de la tecnolog\u00eda ya est\u00e1 aqu\u00ed y ha venido a quedarse. Vivimos una \u00e9poca donde las herramientas y las aplicaciones digitales son parte de nuestra vida y de nuestro d\u00eda a d\u00eda. Para que la formaci\u00f3n online sea eficiente,&hellip;&nbsp;<a href=\"https:\/\/cursosinnovacioneducativa.com\/?p=77\" class=\"\" rel=\"bookmark\">Leer m\u00e1s &raquo;<span class=\"screen-reader-text\">Gesti\u00f3n e implementaci\u00f3n de sistemas virtuales  en las instituciones educativas<\/span><\/a><\/p>\n","protected":false},"author":1,"featured_media":428,"comment_status":"open","ping_status":"closed","sticky":false,"template":"","format":"standard","meta":{"neve_meta_sidebar":"","neve_meta_container":"full-width","neve_meta_enable_content_width":"","neve_meta_content_width":0,"neve_meta_title_alignment":"","neve_meta_author_avatar":"off","neve_post_elements_order":"[\"title\",\"thumbnail\",\"content\",\"tags\",\"comments\"]","neve_meta_disable_header":"","neve_meta_disable_footer":"off","neve_meta_disable_title":"","_ti_tpc_template_sync":false,"_ti_tpc_template_id":"","footnotes":""},"categories":[1],"tags":[],"class_list":["post-77","post","type-post","status-publish","format-standard","has-post-thumbnail","hentry","category-uncategorized"],"yoast_head":"<!-- This site is optimized with the Yoast SEO plugin v20.6 - https:\/\/yoast.com\/wordpress\/plugins\/seo\/ -->\n<title>Gesti\u00f3n e implementaci\u00f3n de sistemas virtuales en las instituciones educativas | Cursos Innovaci\u00f3n Educativa<\/title>\n<meta name=\"robots\" content=\"index, follow, max-snippet:-1, max-image-preview:large, max-video-preview:-1\" \/>\n<link rel=\"canonical\" href=\"https:\/\/cursosinnovacioneducativa.com\/?p=77\" \/>\n<meta property=\"og:locale\" content=\"es_ES\" \/>\n<meta property=\"og:type\" content=\"article\" \/>\n<meta property=\"og:title\" content=\"Gesti\u00f3n e implementaci\u00f3n de sistemas virtuales en las instituciones educativas | Cursos Innovaci\u00f3n Educativa\" \/>\n<meta property=\"og:description\" content=\"Descargar DOSSIER Informativo Gesti\u00f3n e implementaci\u00f3n de sistemas virtuales en Instituciones educativas. La nueva era digital de la tecnolog\u00eda ya est\u00e1 aqu\u00ed y ha venido a quedarse. Vivimos una \u00e9poca donde las herramientas y las aplicaciones digitales son parte de nuestra vida y de nuestro d\u00eda a d\u00eda. Para que la formaci\u00f3n online sea eficiente,&hellip;&nbsp;Leer m\u00e1s &raquo;Gesti\u00f3n e implementaci\u00f3n de sistemas virtuales en las instituciones educativas\" \/>\n<meta property=\"og:url\" content=\"https:\/\/cursosinnovacioneducativa.com\/?p=77\" \/>\n<meta property=\"og:site_name\" content=\"Cursos Innovaci\u00f3n Educativa\" \/>\n<meta property=\"article:published_time\" content=\"2020-01-13T11:15:22+00:00\" \/>\n<meta property=\"article:modified_time\" content=\"2021-06-21T04:19:53+00:00\" \/>\n<meta property=\"og:image\" content=\"https:\/\/cursosinnovacioneducativa.com\/wp-content\/uploads\/2020\/10\/WEB.jpg\" \/>\n\t<meta property=\"og:image:width\" content=\"1500\" \/>\n\t<meta property=\"og:image:height\" content=\"1124\" \/>\n\t<meta property=\"og:image:type\" content=\"image\/jpeg\" \/>\n<meta name=\"author\" content=\"admin\" \/>\n<meta name=\"twitter:card\" content=\"summary_large_image\" \/>\n<meta name=\"twitter:label1\" content=\"Escrito por\" \/>\n\t<meta name=\"twitter:data1\" content=\"admin\" \/>\n\t<meta name=\"twitter:label2\" content=\"Tiempo de lectura\" \/>\n\t<meta name=\"twitter:data2\" content=\"7 minutos\" \/>\n<script type=\"application\/ld+json\" class=\"yoast-schema-graph\">{\"@context\":\"https:\/\/schema.org\",\"@graph\":[{\"@type\":\"Article\",\"@id\":\"https:\/\/cursosinnovacioneducativa.com\/?p=77#article\",\"isPartOf\":{\"@id\":\"https:\/\/cursosinnovacioneducativa.com\/?p=77\"},\"author\":{\"name\":\"admin\",\"@id\":\"https:\/\/cursosinnovacioneducativa.com\/#\/schema\/person\/85350797532603d1e165cc06c7940c32\"},\"headline\":\"Gesti\u00f3n e implementaci\u00f3n de sistemas virtuales en las instituciones educativas\",\"datePublished\":\"2020-01-13T11:15:22+00:00\",\"dateModified\":\"2021-06-21T04:19:53+00:00\",\"mainEntityOfPage\":{\"@id\":\"https:\/\/cursosinnovacioneducativa.com\/?p=77\"},\"wordCount\":1489,\"commentCount\":0,\"publisher\":{\"@id\":\"https:\/\/cursosinnovacioneducativa.com\/#\/schema\/person\/85350797532603d1e165cc06c7940c32\"},\"articleSection\":[\"Uncategorized\"],\"inLanguage\":\"es\",\"potentialAction\":[{\"@type\":\"CommentAction\",\"name\":\"Comment\",\"target\":[\"https:\/\/cursosinnovacioneducativa.com\/?p=77#respond\"]}]},{\"@type\":\"WebPage\",\"@id\":\"https:\/\/cursosinnovacioneducativa.com\/?p=77\",\"url\":\"https:\/\/cursosinnovacioneducativa.com\/?p=77\",\"name\":\"Gesti\u00f3n e implementaci\u00f3n de sistemas virtuales en las instituciones educativas | Cursos Innovaci\u00f3n Educativa\",\"isPartOf\":{\"@id\":\"https:\/\/cursosinnovacioneducativa.com\/#website\"},\"datePublished\":\"2020-01-13T11:15:22+00:00\",\"dateModified\":\"2021-06-21T04:19:53+00:00\",\"breadcrumb\":{\"@id\":\"https:\/\/cursosinnovacioneducativa.com\/?p=77#breadcrumb\"},\"inLanguage\":\"es\",\"potentialAction\":[{\"@type\":\"ReadAction\",\"target\":[\"https:\/\/cursosinnovacioneducativa.com\/?p=77\"]}]},{\"@type\":\"BreadcrumbList\",\"@id\":\"https:\/\/cursosinnovacioneducativa.com\/?p=77#breadcrumb\",\"itemListElement\":[{\"@type\":\"ListItem\",\"position\":1,\"name\":\"Portada\",\"item\":\"https:\/\/cursosinnovacioneducativa.com\/\"},{\"@type\":\"ListItem\",\"position\":2,\"name\":\"Gesti\u00f3n e implementaci\u00f3n de sistemas virtuales en las instituciones educativas\"}]},{\"@type\":\"WebSite\",\"@id\":\"https:\/\/cursosinnovacioneducativa.com\/#website\",\"url\":\"https:\/\/cursosinnovacioneducativa.com\/\",\"name\":\"Cursos Innovaci\u00f3n Educativa\",\"description\":\"Educaci\u00f3n Virtual\",\"publisher\":{\"@id\":\"https:\/\/cursosinnovacioneducativa.com\/#\/schema\/person\/85350797532603d1e165cc06c7940c32\"},\"potentialAction\":[{\"@type\":\"SearchAction\",\"target\":{\"@type\":\"EntryPoint\",\"urlTemplate\":\"https:\/\/cursosinnovacioneducativa.com\/?s={search_term_string}\"},\"query-input\":\"required name=search_term_string\"}],\"inLanguage\":\"es\"},{\"@type\":[\"Person\",\"Organization\"],\"@id\":\"https:\/\/cursosinnovacioneducativa.com\/#\/schema\/person\/85350797532603d1e165cc06c7940c32\",\"name\":\"admin\",\"image\":{\"@type\":\"ImageObject\",\"inLanguage\":\"es\",\"@id\":\"https:\/\/cursosinnovacioneducativa.com\/#\/schema\/person\/image\/\",\"url\":\"https:\/\/i0.wp.com\/cursosinnovacioneducativa.com\/wp-content\/uploads\/2020\/10\/favicon-normal-500x500-1.jpg?fit=500%2C500&ssl=1\",\"contentUrl\":\"https:\/\/i0.wp.com\/cursosinnovacioneducativa.com\/wp-content\/uploads\/2020\/10\/favicon-normal-500x500-1.jpg?fit=500%2C500&ssl=1\",\"width\":500,\"height\":500,\"caption\":\"admin\"},\"logo\":{\"@id\":\"https:\/\/cursosinnovacioneducativa.com\/#\/schema\/person\/image\/\"},\"sameAs\":[\"https:\/\/cursosinnovacioneducativa.com\"],\"url\":\"https:\/\/cursosinnovacioneducativa.com\/?author=1\"}]}<\/script>\n<!-- \/ Yoast SEO plugin. -->","yoast_head_json":{"title":"Gesti\u00f3n e implementaci\u00f3n de sistemas virtuales en las instituciones educativas | Cursos Innovaci\u00f3n Educativa","robots":{"index":"index","follow":"follow","max-snippet":"max-snippet:-1","max-image-preview":"max-image-preview:large","max-video-preview":"max-video-preview:-1"},"canonical":"https:\/\/cursosinnovacioneducativa.com\/?p=77","og_locale":"es_ES","og_type":"article","og_title":"Gesti\u00f3n e implementaci\u00f3n de sistemas virtuales en las instituciones educativas | Cursos Innovaci\u00f3n Educativa","og_description":"Descargar DOSSIER Informativo Gesti\u00f3n e implementaci\u00f3n de sistemas virtuales en Instituciones educativas. La nueva era digital de la tecnolog\u00eda ya est\u00e1 aqu\u00ed y ha venido a quedarse. Vivimos una \u00e9poca donde las herramientas y las aplicaciones digitales son parte de nuestra vida y de nuestro d\u00eda a d\u00eda. Para que la formaci\u00f3n online sea eficiente,&hellip;&nbsp;Leer m\u00e1s &raquo;Gesti\u00f3n e implementaci\u00f3n de sistemas virtuales en las instituciones educativas","og_url":"https:\/\/cursosinnovacioneducativa.com\/?p=77","og_site_name":"Cursos Innovaci\u00f3n Educativa","article_published_time":"2020-01-13T11:15:22+00:00","article_modified_time":"2021-06-21T04:19:53+00:00","og_image":[{"width":1500,"height":1124,"url":"https:\/\/cursosinnovacioneducativa.com\/wp-content\/uploads\/2020\/10\/WEB.jpg","type":"image\/jpeg"}],"author":"admin","twitter_card":"summary_large_image","twitter_misc":{"Escrito por":"admin","Tiempo de lectura":"7 minutos"},"schema":{"@context":"https:\/\/schema.org","@graph":[{"@type":"Article","@id":"https:\/\/cursosinnovacioneducativa.com\/?p=77#article","isPartOf":{"@id":"https:\/\/cursosinnovacioneducativa.com\/?p=77"},"author":{"name":"admin","@id":"https:\/\/cursosinnovacioneducativa.com\/#\/schema\/person\/85350797532603d1e165cc06c7940c32"},"headline":"Gesti\u00f3n e implementaci\u00f3n de sistemas virtuales en las instituciones educativas","datePublished":"2020-01-13T11:15:22+00:00","dateModified":"2021-06-21T04:19:53+00:00","mainEntityOfPage":{"@id":"https:\/\/cursosinnovacioneducativa.com\/?p=77"},"wordCount":1489,"commentCount":0,"publisher":{"@id":"https:\/\/cursosinnovacioneducativa.com\/#\/schema\/person\/85350797532603d1e165cc06c7940c32"},"articleSection":["Uncategorized"],"inLanguage":"es","potentialAction":[{"@type":"CommentAction","name":"Comment","target":["https:\/\/cursosinnovacioneducativa.com\/?p=77#respond"]}]},{"@type":"WebPage","@id":"https:\/\/cursosinnovacioneducativa.com\/?p=77","url":"https:\/\/cursosinnovacioneducativa.com\/?p=77","name":"Gesti\u00f3n e implementaci\u00f3n de sistemas virtuales en las instituciones educativas | Cursos Innovaci\u00f3n Educativa","isPartOf":{"@id":"https:\/\/cursosinnovacioneducativa.com\/#website"},"datePublished":"2020-01-13T11:15:22+00:00","dateModified":"2021-06-21T04:19:53+00:00","breadcrumb":{"@id":"https:\/\/cursosinnovacioneducativa.com\/?p=77#breadcrumb"},"inLanguage":"es","potentialAction":[{"@type":"ReadAction","target":["https:\/\/cursosinnovacioneducativa.com\/?p=77"]}]},{"@type":"BreadcrumbList","@id":"https:\/\/cursosinnovacioneducativa.com\/?p=77#breadcrumb","itemListElement":[{"@type":"ListItem","position":1,"name":"Portada","item":"https:\/\/cursosinnovacioneducativa.com\/"},{"@type":"ListItem","position":2,"name":"Gesti\u00f3n e implementaci\u00f3n de sistemas virtuales en las instituciones educativas"}]},{"@type":"WebSite","@id":"https:\/\/cursosinnovacioneducativa.com\/#website","url":"https:\/\/cursosinnovacioneducativa.com\/","name":"Cursos Innovaci\u00f3n Educativa","description":"Educaci\u00f3n Virtual","publisher":{"@id":"https:\/\/cursosinnovacioneducativa.com\/#\/schema\/person\/85350797532603d1e165cc06c7940c32"},"potentialAction":[{"@type":"SearchAction","target":{"@type":"EntryPoint","urlTemplate":"https:\/\/cursosinnovacioneducativa.com\/?s={search_term_string}"},"query-input":"required name=search_term_string"}],"inLanguage":"es"},{"@type":["Person","Organization"],"@id":"https:\/\/cursosinnovacioneducativa.com\/#\/schema\/person\/85350797532603d1e165cc06c7940c32","name":"admin","image":{"@type":"ImageObject","inLanguage":"es","@id":"https:\/\/cursosinnovacioneducativa.com\/#\/schema\/person\/image\/","url":"https:\/\/i0.wp.com\/cursosinnovacioneducativa.com\/wp-content\/uploads\/2020\/10\/favicon-normal-500x500-1.jpg?fit=500%2C500&ssl=1","contentUrl":"https:\/\/i0.wp.com\/cursosinnovacioneducativa.com\/wp-content\/uploads\/2020\/10\/favicon-normal-500x500-1.jpg?fit=500%2C500&ssl=1","width":500,"height":500,"caption":"admin"},"logo":{"@id":"https:\/\/cursosinnovacioneducativa.com\/#\/schema\/person\/image\/"},"sameAs":["https:\/\/cursosinnovacioneducativa.com"],"url":"https:\/\/cursosinnovacioneducativa.com\/?author=1"}]}},"jetpack_featured_media_url":"https:\/\/i0.wp.com\/cursosinnovacioneducativa.com\/wp-content\/uploads\/2020\/10\/WEB.jpg?fit=1500%2C1124&ssl=1","_links":{"self":[{"href":"https:\/\/cursosinnovacioneducativa.com\/index.php?rest_route=\/wp\/v2\/posts\/77","targetHints":{"allow":["GET"]}}],"collection":[{"href":"https:\/\/cursosinnovacioneducativa.com\/index.php?rest_route=\/wp\/v2\/posts"}],"about":[{"href":"https:\/\/cursosinnovacioneducativa.com\/index.php?rest_route=\/wp\/v2\/types\/post"}],"author":[{"embeddable":true,"href":"https:\/\/cursosinnovacioneducativa.com\/index.php?rest_route=\/wp\/v2\/users\/1"}],"replies":[{"embeddable":true,"href":"https:\/\/cursosinnovacioneducativa.com\/index.php?rest_route=%2Fwp%2Fv2%2Fcomments&post=77"}],"version-history":[{"count":85,"href":"https:\/\/cursosinnovacioneducativa.com\/index.php?rest_route=\/wp\/v2\/posts\/77\/revisions"}],"predecessor-version":[{"id":769,"href":"https:\/\/cursosinnovacioneducativa.com\/index.php?rest_route=\/wp\/v2\/posts\/77\/revisions\/769"}],"wp:featuredmedia":[{"embeddable":true,"href":"https:\/\/cursosinnovacioneducativa.com\/index.php?rest_route=\/wp\/v2\/media\/428"}],"wp:attachment":[{"href":"https:\/\/cursosinnovacioneducativa.com\/index.php?rest_route=%2Fwp%2Fv2%2Fmedia&parent=77"}],"wp:term":[{"taxonomy":"category","embeddable":true,"href":"https:\/\/cursosinnovacioneducativa.com\/index.php?rest_route=%2Fwp%2Fv2%2Fcategories&post=77"},{"taxonomy":"post_tag","embeddable":true,"href":"https:\/\/cursosinnovacioneducativa.com\/index.php?rest_route=%2Fwp%2Fv2%2Ftags&post=77"}],"curies":[{"name":"wp","href":"https:\/\/api.w.org\/{rel}","templated":true}]}}